{"id":2961,"date":"2021-05-19T17:06:35","date_gmt":"2021-05-19T17:06:35","guid":{"rendered":"https:\/\/www.cila.pt\/blog\/?p=2961"},"modified":"2025-01-15T16:49:19","modified_gmt":"2025-01-15T16:49:19","slug":"ativista-acusa-camara-de-perder-rasto-a-60-caes-apos-fecho-do-canil","status":"publish","type":"post","link":"https:\/\/www.cila.pt\/blog\/ativista-acusa-camara-de-perder-rasto-a-60-caes-apos-fecho-do-canil\/","title":{"rendered":"Ativista acusa C\u00e2mara de perder rasto a 60 c\u00e3es ap\u00f3s fecho do canil"},"content":{"rendered":"<p>Uma ativista da causa animal acusou hoje a C\u00e2mara Municipal de Santa Maria da Feira de &#8220;perder o rasto a mais de 60 c\u00e3es&#8221; ap\u00f3s o encerramento do canil ilegal de Canedo, nesse concelho do distrito de Aveiro.<\/p>\n<p>&nbsp;<\/p>\n<p>O tema prende-se com a estrutura gerida por uma entidade que, sob a anterior designa\u00e7\u00e3o de DZG Canedo e agora denominada ARC Canedo, chegou a acolher 150 animais em simult\u00e2neo no mesmo terreno e, nos \u00faltimos anos, foi diversas vezes criticada por n\u00e3o lhes proporcionar as condi\u00e7\u00f5es devidas, o que motivou queixas-crimes nas autoridades e at\u00e9 um protesto junto \u00e0s suas instala\u00e7\u00f5es, em julho de 2020.<\/p>\n<p>Esse canil sempre foi reconhecido por autarquia e autoridades policiais como &#8220;ilegal&#8221;, mas agora a ativista Joana Almeida afirma: &#8220;Foi decretado o encerramento do canil pela Dire\u00e7\u00e3o-Geral de Alimenta\u00e7\u00e3o e Veterin\u00e1ria (DGAV) e imputada responsabilidade ao munic\u00edpio, que deveria acautelar o destino dos animais que ali se encontravam h\u00e1 anos. Tal n\u00e3o se verificou, sendo que os c\u00e3es encontram-se agora em parte incerta&#8221;.<\/p>\n<p>A mesma fonte insiste assim que a C\u00e2mara da Feira &#8220;perdeu o rasto a mais de 60 c\u00e3es cujo destino devia ter acautelado na sequ\u00eancia da ordem de encerramento do abrigo da ARC Canedo, emitida no in\u00edcio do ano pela DGAV&#8221;.<\/p>\n<p>Recordando que, em fevereiro de 2020, a C\u00e2mara da Feira estava a finalizar &#8220;a constru\u00e7\u00e3o de um parque de matilhas que tamb\u00e9m iria servir para alojar os animais apreendidos \u00e0 associa\u00e7\u00e3o ilegal&#8221;, Joana Almeida declara que &#8220;a omiss\u00e3o de medidas atempadas por parte do Munic\u00edpio levou a que, recentemente, os mais de 60 c\u00e3es tenham desaparecido&#8221;.<\/p>\n<p>A mesma ativista acrescenta que os dois dirigentes da antiga DZG Canedo &#8211; Berta Braz\u00e3o e o holand\u00eas Dick Leegwater &#8211; &#8220;continuam a recolher animais&#8221; e a acolh\u00ea-los &#8220;em parte incerta&#8221;<\/p>\n<p>&#8220;Suspeita-se que os c\u00e3es tenham sido encaminhados para pa\u00edses estrangeiros, num cen\u00e1rio de tr\u00e1fico de animais&#8221;, diz Joana Almeida.<\/p>\n<p>&#8220;O destino final dos animais \u00e9 desconhecido, mas sabe-se que \u00e9 pr\u00e1tica comum o seu envio para pa\u00edses como a Alemanha e a Holanda a troco de 395 euros por c\u00e3o&#8221;, sendo esse valor &#8220;pago pela entidade ou particular que recebe o animal [no estrangeiro] e posteriormente o vende&#8221;, disse.<\/p>\n<p>Contactada pela Lusa, a C\u00e2mara Municipal da Feira ainda n\u00e3o revelou o que aconteceu aos animais do canil encerrado nem prestou sobre o assunto os outros esclarecimentos solicitados.<\/p>\n<p>A ARC Canedo tamb\u00e9m n\u00e3o esteve contact\u00e1vel para esclarecer onde vem acolhendo os animais que alegadamente estar\u00e1 a recolher.<\/p>\n<p>Na sua p\u00e1gina oficial na rede social Facebook, aquela entidade agradece publicamente os bens alimentares que lhe foram doados pela associa\u00e7\u00e3o Animalife e transcreve o que cita como uma &#8220;decis\u00e3o do tribunal&#8221;, deliberando &#8220;absolver Berta Braz\u00e3o do crime de maus tratos a animais que lhe era imputado&#8221;<\/p>\n<p>&nbsp;<\/p>\n<p>FONTE : https:\/\/www.noticiasaominuto.com<\/p>\n","protected":false},"excerpt":{"rendered":"<p>Uma ativista da causa animal acusou hoje a C\u00e2mara Municipal de Santa Maria da Feira de &#8220;perder o rasto a mais de 60 c\u00e3es&#8221; ap\u00f3s o encerramento do canil ilegal de Canedo, nesse concelho do distrito de Aveiro. &nbsp; O tema prende-se com a estrutura gerida por uma entidade que, sob a anterior designa\u00e7\u00e3o de [&hellip;]<\/p>\n","protected":false},"author":1,"featured_media":2962,"comment_status":"closed","ping_status":"closed","sticky":false,"template":"","format":"standard","meta":{"om_disable_all_campaigns":false},"categories":[5],"tags":[],"yoast_head":"<!-- This site is optimized with the Yoast SEO Premium plugin v14.7 - https:\/\/yoast.com\/wordpress\/plugins\/seo\/ -->\n<title>Ativista acusa C\u00e2mara de perder rasto a 60 c\u00e3es ap\u00f3s fecho do canil | Cila Banhos Tosquias Domicilio<\/title>\n<meta name=\"robots\" content=\"index, follow\" \/>\n<meta name=\"googlebot\" content=\"index, follow, max-snippet:-1, max-image-preview:large, max-video-preview:-1\" \/>\n<meta name=\"bingbot\" content=\"index, follow, max-snippet:-1, max-image-preview:large, max-video-preview:-1\" \/>\n<link rel=\"canonical\" href=\"https:\/\/www.cila.pt\/blog\/ativista-acusa-camara-de-perder-rasto-a-60-caes-apos-fecho-do-canil\/\" \/>\n<meta property=\"og:locale\" content=\"pt_PT\" \/>\n<meta property=\"og:type\" content=\"article\" \/>\n<meta property=\"og:title\" content=\"Ativista acusa C\u00e2mara de perder rasto a 60 c\u00e3es ap\u00f3s fecho do canil | Cila Banhos Tosquias Domicilio\" \/>\n<meta property=\"og:description\" content=\"Uma ativista da causa animal acusou hoje a C\u00e2mara Municipal de Santa Maria da Feira de &#8220;perder o rasto a mais de 60 c\u00e3es&#8221; ap\u00f3s o encerramento do canil ilegal de Canedo, nesse concelho do distrito de Aveiro. &nbsp; O tema prende-se com a estrutura gerida por uma entidade que, sob a anterior designa\u00e7\u00e3o de [&hellip;]\" \/>\n<meta property=\"og:url\" content=\"https:\/\/www.cila.pt\/blog\/ativista-acusa-camara-de-perder-rasto-a-60-caes-apos-fecho-do-canil\/\" \/>\n<meta property=\"og:site_name\" content=\"Cila Banhos Tosquias Domicilio\" \/>\n<meta property=\"article:publisher\" content=\"https:\/\/www.facebook.com\/profile.php?id=1558726671\" \/>\n<meta property=\"article:author\" content=\"https:\/\/www.facebook.com\/profile.php?id=1558726671\" \/>\n<meta property=\"article:published_time\" content=\"2021-05-19T17:06:35+00:00\" \/>\n<meta property=\"article:modified_time\" content=\"2025-01-15T16:49:19+00:00\" \/>\n<meta property=\"og:image\" content=\"https:\/\/www.cila.pt\/blog\/wp-content\/uploads\/2021\/05\/BLOGCILA-6.jpg\" \/>\n\t<meta property=\"og:image:width\" content=\"600\" \/>\n\t<meta property=\"og:image:height\" content=\"353\" \/>\n<meta name=\"twitter:card\" content=\"summary_large_image\" \/>\n<script type=\"application\/ld+json\" class=\"yoast-schema-graph\">{\"@context\":\"https:\/\/schema.org\",\"@graph\":[{\"@type\":\"Organization\",\"@id\":\"https:\/\/www.cila.pt\/blog\/#organization\",\"name\":\"Cila\",\"url\":\"https:\/\/www.cila.pt\/blog\/\",\"sameAs\":[\"https:\/\/www.facebook.com\/profile.php?id=1558726671\",\"https:\/\/www.instagram.com\/celina_figueiredo_\/\",\"https:\/\/www.youtube.com\/channel\/UCtMwSGZb8d1zr_p90Vw_TVQ\"],\"logo\":{\"@type\":\"ImageObject\",\"@id\":\"https:\/\/www.cila.pt\/blog\/#logo\",\"inLanguage\":\"pt-PT\",\"url\":\"https:\/\/www.cila.pt\/blog\/wp-content\/uploads\/2020\/08\/logo-wide-e1597169147151.png\",\"width\":200,\"height\":99,\"caption\":\"Cila\"},\"image\":{\"@id\":\"https:\/\/www.cila.pt\/blog\/#logo\"}},{\"@type\":\"WebSite\",\"@id\":\"https:\/\/www.cila.pt\/blog\/#website\",\"url\":\"https:\/\/www.cila.pt\/blog\/\",\"name\":\"Cila Banhos Tosquias Domicilio\",\"description\":\"informa\\u00e7\\u00f5es sobre C\\u00e3es e Gatos\",\"publisher\":{\"@id\":\"https:\/\/www.cila.pt\/blog\/#organization\"},\"potentialAction\":[{\"@type\":\"SearchAction\",\"target\":\"https:\/\/www.cila.pt\/blog\/?s={search_term_string}\",\"query-input\":\"required name=search_term_string\"}],\"inLanguage\":\"pt-PT\"},{\"@type\":\"ImageObject\",\"@id\":\"https:\/\/www.cila.pt\/blog\/ativista-acusa-camara-de-perder-rasto-a-60-caes-apos-fecho-do-canil\/#primaryimage\",\"inLanguage\":\"pt-PT\",\"url\":\"https:\/\/www.cila.pt\/blog\/wp-content\/uploads\/2021\/05\/BLOGCILA-6.jpg\",\"width\":600,\"height\":353},{\"@type\":\"WebPage\",\"@id\":\"https:\/\/www.cila.pt\/blog\/ativista-acusa-camara-de-perder-rasto-a-60-caes-apos-fecho-do-canil\/#webpage\",\"url\":\"https:\/\/www.cila.pt\/blog\/ativista-acusa-camara-de-perder-rasto-a-60-caes-apos-fecho-do-canil\/\",\"name\":\"Ativista acusa C\\u00e2mara de perder rasto a 60 c\\u00e3es ap\\u00f3s fecho do canil | Cila Banhos Tosquias Domicilio\",\"isPartOf\":{\"@id\":\"https:\/\/www.cila.pt\/blog\/#website\"},\"primaryImageOfPage\":{\"@id\":\"https:\/\/www.cila.pt\/blog\/ativista-acusa-camara-de-perder-rasto-a-60-caes-apos-fecho-do-canil\/#primaryimage\"},\"datePublished\":\"2021-05-19T17:06:35+00:00\",\"dateModified\":\"2025-01-15T16:49:19+00:00\",\"inLanguage\":\"pt-PT\",\"potentialAction\":[{\"@type\":\"ReadAction\",\"target\":[\"https:\/\/www.cila.pt\/blog\/ativista-acusa-camara-de-perder-rasto-a-60-caes-apos-fecho-do-canil\/\"]}]},{\"@type\":\"Article\",\"@id\":\"https:\/\/www.cila.pt\/blog\/ativista-acusa-camara-de-perder-rasto-a-60-caes-apos-fecho-do-canil\/#article\",\"isPartOf\":{\"@id\":\"https:\/\/www.cila.pt\/blog\/ativista-acusa-camara-de-perder-rasto-a-60-caes-apos-fecho-do-canil\/#webpage\"},\"author\":{\"@id\":\"https:\/\/www.cila.pt\/blog\/#\/schema\/person\/0f80c3ae078eb791803808295089b36c\"},\"headline\":\"Ativista acusa C\\u00e2mara de perder rasto a 60 c\\u00e3es ap\\u00f3s fecho do canil\",\"datePublished\":\"2021-05-19T17:06:35+00:00\",\"dateModified\":\"2025-01-15T16:49:19+00:00\",\"mainEntityOfPage\":{\"@id\":\"https:\/\/www.cila.pt\/blog\/ativista-acusa-camara-de-perder-rasto-a-60-caes-apos-fecho-do-canil\/#webpage\"},\"publisher\":{\"@id\":\"https:\/\/www.cila.pt\/blog\/#organization\"},\"image\":{\"@id\":\"https:\/\/www.cila.pt\/blog\/ativista-acusa-camara-de-perder-rasto-a-60-caes-apos-fecho-do-canil\/#primaryimage\"},\"articleSection\":\"Informa\\u00e7\\u00e3o Geral\",\"inLanguage\":\"pt-PT\"},{\"@type\":[\"Person\"],\"@id\":\"https:\/\/www.cila.pt\/blog\/#\/schema\/person\/0f80c3ae078eb791803808295089b36c\",\"name\":\"Celina Figueiredo\",\"image\":{\"@type\":\"ImageObject\",\"@id\":\"https:\/\/www.cila.pt\/blog\/#personlogo\",\"inLanguage\":\"pt-PT\",\"url\":\"https:\/\/secure.gravatar.com\/avatar\/0d64983bb347f417d0d6438e2655b795?s=96&d=mm&r=g\",\"caption\":\"Celina Figueiredo\"},\"description\":\"Tambem Gerente da Empresa Celina Tours , aproveitou o momento da quebra do turismo devido \\u00e1 Pandemia Covid-19 para explorar a vertente profissional da sua paix\\u00e3o pelo mundo animal. Em Julho de 2020 inscreveu-se num Curso profissional de Groomer obtendo o Diploma em Setembro de 2020. Desde essa data tem vindo a dedicar-se e a enriquecer os seus conhecimentos te\\u00f3ricos e pr\\u00e1ticos cuidando de inumeros animais de estima\\u00e7\\u00e3o, agradecendo a todos os donos a confian\\u00e7a depositada.\",\"sameAs\":[\"https:\/\/www.facebook.com\/profile.php?id=1558726671\",\"https:\/\/www.instagram.com\/celina_figueiredo_\/\"]}]}<\/script>\n<!-- \/ Yoast SEO Premium plugin. -->","_links":{"self":[{"href":"https:\/\/www.cila.pt\/blog\/wp-json\/wp\/v2\/posts\/2961"}],"collection":[{"href":"https:\/\/www.cila.pt\/blog\/wp-json\/wp\/v2\/posts"}],"about":[{"href":"https:\/\/www.cila.pt\/blog\/wp-json\/wp\/v2\/types\/post"}],"author":[{"embeddable":true,"href":"https:\/\/www.cila.pt\/blog\/wp-json\/wp\/v2\/users\/1"}],"replies":[{"embeddable":true,"href":"https:\/\/www.cila.pt\/blog\/wp-json\/wp\/v2\/comments?post=2961"}],"version-history":[{"count":0,"href":"https:\/\/www.cila.pt\/blog\/wp-json\/wp\/v2\/posts\/2961\/revisions"}],"wp:featuredmedia":[{"embeddable":true,"href":"https:\/\/www.cila.pt\/blog\/wp-json\/wp\/v2\/media\/2962"}],"wp:attachment":[{"href":"https:\/\/www.cila.pt\/blog\/wp-json\/wp\/v2\/media?parent=2961"}],"wp:term":[{"taxonomy":"category","embeddable":true,"href":"https:\/\/www.cila.pt\/blog\/wp-json\/wp\/v2\/categories?post=2961"},{"taxonomy":"post_tag","embeddable":true,"href":"https:\/\/www.cila.pt\/blog\/wp-json\/wp\/v2\/tags?post=2961"}],"curies":[{"name":"wp","href":"https:\/\/api.w.org\/{rel}","templated":true}]}}