{"id":2828,"date":"2020-12-02T11:22:39","date_gmt":"2020-12-02T11:22:39","guid":{"rendered":"https:\/\/www.cila.pt\/blog\/?p=2828"},"modified":"2020-12-04T11:30:38","modified_gmt":"2020-12-04T11:30:38","slug":"como-calcular-idade-do-cao","status":"publish","type":"post","link":"https:\/\/www.cila.pt\/blog\/como-calcular-idade-do-cao\/","title":{"rendered":"Como calcular a idade de um c\u00e3o?"},"content":{"rendered":"<p>Sabe mesmo que idade tem o seu c\u00e3o?<\/p>\n<p>Como \u00e9 que fez a conta?<\/p>\n<p>Usou a f\u00f3rmula mais conhecida, aquela que multiplica cada ano canino por sete humanos, para calcular em que est\u00e1dio da vida est\u00e1 o seu \u201cmelhor amigo\u201d?<\/p>\n<p>O maior problema da conta \u00e9 que ela considera que esse amadurecimento canino \u00e9 linear ao longo do tempo. Entretanto, \u00e9 importante relacion\u00e1-lo \u00e0s mudan\u00e7as fisiol\u00f3gicas que est\u00e3o acontecendo no organismo do animal, o que leva a alguns erros.<\/p>\n<p>Nos dois primeiros anos de vida, o c\u00e3o deixa de ser um filhote e se torna um animal sexualmente maduro. Isso significa que, em at\u00e9 dois anos, o organismo do cachorro passou por transforma\u00e7\u00f5es que, nos humanos, demoram cerca de 15 anos para acontecer.<\/p>\n<p>Pelo menos \u00e9 essa a conclus\u00e3o dos cientistas da Universidade de S. Diego, na Calif\u00f3rnia, nos EUA, que depois de um longo estudo dizem que as contas s\u00e3o muito mais complexas e dif\u00edceis de fazer.<\/p>\n<p>&nbsp;<\/p>\n<h2 id=\"mcetoc_1eohj2gvj1\"><strong>C\u00e3es\u00a0 e crian\u00e7as<\/strong><\/h2>\n<p>Se compararmos os C\u00e3es com as crian\u00e7as, os primeiros desenvolvem-se f\u00edsica e psicologicamente muito mais r\u00e1pido.<\/p>\n<p>Enquanto uma crian\u00e7a de um ano est\u00e1 a dar os primeiros passos, um c\u00e3o de um ano j\u00e1 \u00e9 maduro e apto, inclusive, est\u00e1 pronto para acasalar.<\/p>\n<p>Da mesma forma, enquanto um c\u00e3o de 12 anos \u00e9 considerado um idoso, um adolescente da mesma idade ainda est\u00e1 descobrindo muitas coisas e a formar a sua personalidade.<\/p>\n<p>&nbsp;<\/p>\n<h2 id=\"mcetoc_1eohj2mjd2\"><strong>Estudos atuais sobre a \u201cidade humana\u201d dos c\u00e3es<\/strong><\/h2>\n<p>Estudos mais recentes sobre como devemos calcular a \u201cidade humana\u201d em compara\u00e7\u00e3o aos nossos c\u00e3es levam em considera\u00e7\u00e3o o porte, a ra\u00e7a, o peso quando adulto e a velocidade com que crescem. O rel\u00f3gio epigen\u00e9tico dos c\u00e3es funciona no in\u00edcio mais r\u00e1pido que o humano, mas depois desacelera.<\/p>\n<p>&nbsp;<\/p>\n<p><img loading=\"lazy\" src=\"https:\/\/www.cila.pt\/blog\/wp-content\/uploads\/2020\/12\/BLOGCILA-2.jpg\" alt=\"Como calclar a Idade do C\u00e3o\" class=\"alignnone wp-image-2831 size-full\" width=\"600\" height=\"353\" srcset=\"https:\/\/www.cila.pt\/blog\/wp-content\/uploads\/2020\/12\/BLOGCILA-2.jpg 600w, https:\/\/www.cila.pt\/blog\/wp-content\/uploads\/2020\/12\/BLOGCILA-2-300x177.jpg 300w\" sizes=\"(max-width: 600px) 100vw, 600px\" \/><\/p>\n<p>&nbsp;<\/p>\n<p id=\"mcetoc_1eohj2tru3\">\n<h2 id=\"mcetoc_1eohj2tru4\"><strong>Baseado nestes factores fazem-se os seguintes c\u00e1lculos:<\/strong><\/h2>\n<p>Nos 2 Primeiros anos de Vida :<\/p>\n<ul>\n<li>C\u00e3es at\u00e9 9Kg (porte pequeno) os anos devem ser\u00a0 multiplicados por 12,5<\/li>\n<li>C\u00e3es de 10 a 23Kg os anos devem ser multiplicados por 10,5<\/li>\n<li>C\u00e3es que pesam mais que 24Kg\u00a0 os anos deve ser multiplicados por nove<\/li>\n<\/ul>\n<p>&nbsp;<\/p>\n<p>A partir do terceiro ano de vida dos C\u00e3es<\/p>\n<ul>\n<li>C\u00e3es Pequenos devem ser acrescentados em m\u00e9dia 4 a 5 Anos<\/li>\n<li>C\u00e3es M\u00e9dios devem ser acrescentados 5 a 7 anos<\/li>\n<li>C\u00e3es Grandes devem ser acrescentados 7 a 9 anos para cachorros de porte grande<\/li>\n<\/ul>\n<p>&nbsp;<\/p>\n<p>Com esta informa\u00e7\u00e3o j\u00e1 pode descobrir qual a idade do seu C\u00e3o<\/p>\n<p>&nbsp;<\/p>\n","protected":false},"excerpt":{"rendered":"<p>Sabe mesmo que idade tem o seu c\u00e3o? Como \u00e9 que fez a conta? Usou a f\u00f3rmula mais conhecida, aquela que multiplica cada ano canino por sete humanos, para calcular em que est\u00e1dio da vida est\u00e1 o seu \u201cmelhor amigo\u201d? O maior problema da conta \u00e9 que ela considera que esse amadurecimento canino \u00e9 linear [&hellip;]<\/p>\n","protected":false},"author":1,"featured_media":2830,"comment_status":"open","ping_status":"open","sticky":false,"template":"","format":"standard","meta":{"om_disable_all_campaigns":false},"categories":[5],"tags":[],"yoast_head":"<!-- This site is optimized with the Yoast SEO Premium plugin v14.7 - https:\/\/yoast.com\/wordpress\/plugins\/seo\/ -->\n<title>Como Calcular idade do C\u00e3o? Saiba como calcular a idade do seu C\u00e3o<\/title>\n<meta name=\"description\" content=\"Quer saber a idade do seu c\u00e3o? Esque\u00e7a a f\u00f3rmula de multiplicar por 7 anos humanos. Saiba como calcular a verdadeira idade do seu c\u00e3o\" \/>\n<meta name=\"robots\" content=\"index, follow\" \/>\n<meta name=\"googlebot\" content=\"index, follow, max-snippet:-1, max-image-preview:large, max-video-preview:-1\" \/>\n<meta name=\"bingbot\" content=\"index, follow, max-snippet:-1, max-image-preview:large, max-video-preview:-1\" \/>\n<link rel=\"canonical\" href=\"https:\/\/www.cila.pt\/blog\/como-calcular-idade-do-cao\/\" \/>\n<meta property=\"og:locale\" content=\"pt_PT\" \/>\n<meta property=\"og:type\" content=\"article\" \/>\n<meta property=\"og:title\" content=\"Como Calcular idade do C\u00e3o? Saiba como calcular a idade do seu C\u00e3o\" \/>\n<meta property=\"og:description\" content=\"Quer saber a idade do seu c\u00e3o? Esque\u00e7a a f\u00f3rmula de multiplicar por 7 anos humanos. Saiba como calcular a verdadeira idade do seu c\u00e3o\" \/>\n<meta property=\"og:url\" content=\"https:\/\/www.cila.pt\/blog\/como-calcular-idade-do-cao\/\" \/>\n<meta property=\"og:site_name\" content=\"Cila Banhos Tosquias Domicilio\" \/>\n<meta property=\"article:publisher\" content=\"https:\/\/www.facebook.com\/profile.php?id=1558726671\" \/>\n<meta property=\"article:author\" content=\"https:\/\/www.facebook.com\/profile.php?id=1558726671\" \/>\n<meta property=\"article:published_time\" content=\"2020-12-02T11:22:39+00:00\" \/>\n<meta property=\"article:modified_time\" content=\"2020-12-04T11:30:38+00:00\" \/>\n<meta property=\"og:image\" content=\"https:\/\/www.cila.pt\/blog\/wp-content\/uploads\/2020\/12\/BLOGCILA-1.jpg\" \/>\n\t<meta property=\"og:image:width\" content=\"600\" \/>\n\t<meta property=\"og:image:height\" content=\"353\" \/>\n<meta name=\"twitter:card\" content=\"summary_large_image\" \/>\n<script type=\"application\/ld+json\" class=\"yoast-schema-graph\">{\"@context\":\"https:\/\/schema.org\",\"@graph\":[{\"@type\":\"Organization\",\"@id\":\"https:\/\/www.cila.pt\/blog\/#organization\",\"name\":\"Cila\",\"url\":\"https:\/\/www.cila.pt\/blog\/\",\"sameAs\":[\"https:\/\/www.facebook.com\/profile.php?id=1558726671\",\"https:\/\/www.instagram.com\/celina_figueiredo_\/\",\"https:\/\/www.youtube.com\/channel\/UCtMwSGZb8d1zr_p90Vw_TVQ\"],\"logo\":{\"@type\":\"ImageObject\",\"@id\":\"https:\/\/www.cila.pt\/blog\/#logo\",\"inLanguage\":\"pt-PT\",\"url\":\"https:\/\/www.cila.pt\/blog\/wp-content\/uploads\/2020\/08\/logo-wide-e1597169147151.png\",\"width\":200,\"height\":99,\"caption\":\"Cila\"},\"image\":{\"@id\":\"https:\/\/www.cila.pt\/blog\/#logo\"}},{\"@type\":\"WebSite\",\"@id\":\"https:\/\/www.cila.pt\/blog\/#website\",\"url\":\"https:\/\/www.cila.pt\/blog\/\",\"name\":\"Cila Banhos Tosquias Domicilio\",\"description\":\"informa\\u00e7\\u00f5es sobre C\\u00e3es e Gatos\",\"publisher\":{\"@id\":\"https:\/\/www.cila.pt\/blog\/#organization\"},\"potentialAction\":[{\"@type\":\"SearchAction\",\"target\":\"https:\/\/www.cila.pt\/blog\/?s={search_term_string}\",\"query-input\":\"required name=search_term_string\"}],\"inLanguage\":\"pt-PT\"},{\"@type\":\"ImageObject\",\"@id\":\"https:\/\/www.cila.pt\/blog\/como-calcular-idade-do-cao\/#primaryimage\",\"inLanguage\":\"pt-PT\",\"url\":\"https:\/\/www.cila.pt\/blog\/wp-content\/uploads\/2020\/12\/BLOGCILA-1.jpg\",\"width\":600,\"height\":353},{\"@type\":\"WebPage\",\"@id\":\"https:\/\/www.cila.pt\/blog\/como-calcular-idade-do-cao\/#webpage\",\"url\":\"https:\/\/www.cila.pt\/blog\/como-calcular-idade-do-cao\/\",\"name\":\"Como Calcular idade do C\\u00e3o? Saiba como calcular a idade do seu C\\u00e3o\",\"isPartOf\":{\"@id\":\"https:\/\/www.cila.pt\/blog\/#website\"},\"primaryImageOfPage\":{\"@id\":\"https:\/\/www.cila.pt\/blog\/como-calcular-idade-do-cao\/#primaryimage\"},\"datePublished\":\"2020-12-02T11:22:39+00:00\",\"dateModified\":\"2020-12-04T11:30:38+00:00\",\"description\":\"Quer saber a idade do seu c\\u00e3o? Esque\\u00e7a a f\\u00f3rmula de multiplicar por 7 anos humanos. Saiba como calcular a verdadeira idade do seu c\\u00e3o\",\"inLanguage\":\"pt-PT\",\"potentialAction\":[{\"@type\":\"ReadAction\",\"target\":[\"https:\/\/www.cila.pt\/blog\/como-calcular-idade-do-cao\/\"]}]},{\"@type\":\"Article\",\"@id\":\"https:\/\/www.cila.pt\/blog\/como-calcular-idade-do-cao\/#article\",\"isPartOf\":{\"@id\":\"https:\/\/www.cila.pt\/blog\/como-calcular-idade-do-cao\/#webpage\"},\"author\":{\"@id\":\"https:\/\/www.cila.pt\/blog\/#\/schema\/person\/0f80c3ae078eb791803808295089b36c\"},\"headline\":\"Como calcular a idade de um c\\u00e3o?\",\"datePublished\":\"2020-12-02T11:22:39+00:00\",\"dateModified\":\"2020-12-04T11:30:38+00:00\",\"mainEntityOfPage\":{\"@id\":\"https:\/\/www.cila.pt\/blog\/como-calcular-idade-do-cao\/#webpage\"},\"commentCount\":0,\"publisher\":{\"@id\":\"https:\/\/www.cila.pt\/blog\/#organization\"},\"image\":{\"@id\":\"https:\/\/www.cila.pt\/blog\/como-calcular-idade-do-cao\/#primaryimage\"},\"articleSection\":\"Informa\\u00e7\\u00e3o Geral\",\"inLanguage\":\"pt-PT\",\"potentialAction\":[{\"@type\":\"CommentAction\",\"name\":\"Comment\",\"target\":[\"https:\/\/www.cila.pt\/blog\/como-calcular-idade-do-cao\/#respond\"]}]},{\"@type\":[\"Person\"],\"@id\":\"https:\/\/www.cila.pt\/blog\/#\/schema\/person\/0f80c3ae078eb791803808295089b36c\",\"name\":\"Celina Figueiredo\",\"image\":{\"@type\":\"ImageObject\",\"@id\":\"https:\/\/www.cila.pt\/blog\/#personlogo\",\"inLanguage\":\"pt-PT\",\"url\":\"https:\/\/secure.gravatar.com\/avatar\/0d64983bb347f417d0d6438e2655b795?s=96&d=mm&r=g\",\"caption\":\"Celina Figueiredo\"},\"description\":\"Tambem Gerente da Empresa Celina Tours , aproveitou o momento da quebra do turismo devido \\u00e1 Pandemia Covid-19 para explorar a vertente profissional da sua paix\\u00e3o pelo mundo animal. Em Julho de 2020 inscreveu-se num Curso profissional de Groomer obtendo o Diploma em Setembro de 2020. Desde essa data tem vindo a dedicar-se e a enriquecer os seus conhecimentos te\\u00f3ricos e pr\\u00e1ticos cuidando de inumeros animais de estima\\u00e7\\u00e3o, agradecendo a todos os donos a confian\\u00e7a depositada.\",\"sameAs\":[\"https:\/\/www.facebook.com\/profile.php?id=1558726671\",\"https:\/\/www.instagram.com\/celina_figueiredo_\/\"]}]}<\/script>\n<!-- \/ Yoast SEO Premium plugin. -->","_links":{"self":[{"href":"https:\/\/www.cila.pt\/blog\/wp-json\/wp\/v2\/posts\/2828"}],"collection":[{"href":"https:\/\/www.cila.pt\/blog\/wp-json\/wp\/v2\/posts"}],"about":[{"href":"https:\/\/www.cila.pt\/blog\/wp-json\/wp\/v2\/types\/post"}],"author":[{"embeddable":true,"href":"https:\/\/www.cila.pt\/blog\/wp-json\/wp\/v2\/users\/1"}],"replies":[{"embeddable":true,"href":"https:\/\/www.cila.pt\/blog\/wp-json\/wp\/v2\/comments?post=2828"}],"version-history":[{"count":0,"href":"https:\/\/www.cila.pt\/blog\/wp-json\/wp\/v2\/posts\/2828\/revisions"}],"wp:featuredmedia":[{"embeddable":true,"href":"https:\/\/www.cila.pt\/blog\/wp-json\/wp\/v2\/media\/2830"}],"wp:attachment":[{"href":"https:\/\/www.cila.pt\/blog\/wp-json\/wp\/v2\/media?parent=2828"}],"wp:term":[{"taxonomy":"category","embeddable":true,"href":"https:\/\/www.cila.pt\/blog\/wp-json\/wp\/v2\/categories?post=2828"},{"taxonomy":"post_tag","embeddable":true,"href":"https:\/\/www.cila.pt\/blog\/wp-json\/wp\/v2\/tags?post=2828"}],"curies":[{"name":"wp","href":"https:\/\/api.w.org\/{rel}","templated":true}]}}